
{"id":4214,"date":"2024-04-15T07:00:00","date_gmt":"2024-04-15T07:00:00","guid":{"rendered":"https:\/\/acudim.org\/?p=4214"},"modified":"2024-06-13T07:05:04","modified_gmt":"2024-06-13T07:05:04","slug":"bricogarden","status":"publish","type":"post","link":"https:\/\/acudim.org\/es\/bricogarden\/","title":{"rendered":"BRICOGARDEN"},"content":{"rendered":"<div data-elementor-type=\"wp-post\" data-elementor-id=\"4214\" class=\"elementor elementor-4214\" data-elementor-post-type=\"post\">\n\t\t\t\t\t\t<section class=\"elementor-section elementor-top-section elementor-element elementor-element-f809a00 elementor-section-boxed elementor-section-height-default elementor-section-height-default\" data-id=\"f809a00\" data-element_type=\"section\" data-e-type=\"section\">\n\t\t\t\t\t\t<div class=\"elementor-container elementor-column-gap-default\">\n\t\t\t\t\t<div class=\"elementor-column elementor-col-100 elementor-top-column elementor-element elementor-element-c11e765\" data-id=\"c11e765\" data-element_type=\"column\" data-e-type=\"column\">\n\t\t\t<div class=\"elementor-widget-wrap elementor-element-populated\">\n\t\t\t\t\t\t<div class=\"elementor-element elementor-element-5b4e0ac elementor-widget-divider--view-line_icon elementor-view-default elementor-widget-divider--element-align-center elementor-widget elementor-widget-divider\" data-id=\"5b4e0ac\" data-element_type=\"widget\" data-e-type=\"widget\" data-widget_type=\"divider.default\">\n\t\t\t\t\t\t\t<div class=\"elementor-divider\">\n\t\t\t<span class=\"elementor-divider-separator\">\n\t\t\t\t\t\t\t<div class=\"elementor-icon elementor-divider__element\">\n\t\t\t\t\t<i aria-hidden=\"true\" class=\"ti-gallery\"><\/i><\/div>\n\t\t\t\t\t\t<\/span>\n\t\t<\/div>\n\t\t\t\t\t\t<\/div>\n\t\t\t\t\t<\/div>\n\t\t<\/div>\n\t\t\t\t\t<\/div>\n\t\t<\/section>\n\t\t\t\t<section class=\"elementor-section elementor-top-section elementor-element elementor-element-975a5af elementor-section-boxed elementor-section-height-default elementor-section-height-default\" data-id=\"975a5af\" data-element_type=\"section\" data-e-type=\"section\">\n\t\t\t\t\t\t<div class=\"elementor-container elementor-column-gap-default\">\n\t\t\t\t\t<div class=\"elementor-column elementor-col-100 elementor-top-column elementor-element elementor-element-f2f06d2\" data-id=\"f2f06d2\" data-element_type=\"column\" data-e-type=\"column\">\n\t\t\t<div class=\"elementor-widget-wrap elementor-element-populated\">\n\t\t\t\t\t\t<div data-dce-title-color=\"#141515\" class=\"elementor-element elementor-element-f810113 elementor-widget elementor-widget-heading\" data-id=\"f810113\" data-element_type=\"widget\" data-e-type=\"widget\" data-widget_type=\"heading.default\">\n\t\t\t\t\t<h2 class=\"elementor-heading-title elementor-size-default\">Pr\u00f2xim Taller: BRICOGARDEN<br>\nT'apuntes? Realitzarem una manualitat decorativa, per a adornar el nostre jard\u00ed o alegrar els racons de la nostra casa <br>\nDia 18 d'Abril, dijous. <br>\nDe 10.30 a 12.30 h en la Seu d\u2019 ACUDIM. <br>\nPrioritat PERSONES ASSOCIADES fins a completar grup (15 persones). <br>\nActivitat gratu\u00efta. <br>\nINSCRIPCI\u00d3 PR\u00c8VIA<br>\nFundaci\u00f3nLaCaixa <br>\nGVA Serveis Socials, Igualtat i Habitatge<br>\nColorins i Papers\n\n\n<\/h2>\t\t\t\t<\/div>\n\t\t\t\t<div class=\"elementor-element elementor-element-3c5b1d1 elementor-widget elementor-widget-spacer\" data-id=\"3c5b1d1\" data-element_type=\"widget\" data-e-type=\"widget\" data-widget_type=\"spacer.default\">\n\t\t\t\t\t\t\t<div class=\"elementor-spacer\">\n\t\t\t<div class=\"elementor-spacer-inner\"><\/div>\n\t\t<\/div>\n\t\t\t\t\t\t<\/div>\n\t\t\t\t\t<\/div>\n\t\t<\/div>\n\t\t\t\t\t<\/div>\n\t\t<\/section>\n\t\t\t\t<section class=\"elementor-section elementor-top-section elementor-element elementor-element-0853c03 elementor-section-boxed elementor-section-height-default elementor-section-height-default\" data-id=\"0853c03\" data-element_type=\"section\" data-e-type=\"section\">\n\t\t\t\t\t\t<div class=\"elementor-container elementor-column-gap-default\">\n\t\t\t\t\t<div class=\"elementor-column elementor-col-100 elementor-top-column elementor-element elementor-element-4a85538\" data-id=\"4a85538\" data-element_type=\"column\" data-e-type=\"column\">\n\t\t\t<div class=\"elementor-widget-wrap elementor-element-populated\">\n\t\t\t\t\t\t<div class=\"elementor-element elementor-element-d5c4bd2 dce_masking-none elementor-widget elementor-widget-image\" data-id=\"d5c4bd2\" data-element_type=\"widget\" data-e-type=\"widget\" data-widget_type=\"image.default\">\n\t\t\t\t\t\t\t\t\t\t\t\t\t\t\t<img fetchpriority=\"high\" decoding=\"async\" width=\"724\" height=\"1024\" src=\"https:\/\/acudim.org\/wp-content\/uploads\/2024\/06\/TALLER-BRICOGARDEN-VALENCIA-724x1024.jpg\" class=\"attachment-large size-large wp-image-4213\" alt=\"\" srcset=\"https:\/\/acudim.org\/wp-content\/uploads\/2024\/06\/TALLER-BRICOGARDEN-VALENCIA-724x1024.jpg 724w, https:\/\/acudim.org\/wp-content\/uploads\/2024\/06\/TALLER-BRICOGARDEN-VALENCIA-212x300.jpg 212w, https:\/\/acudim.org\/wp-content\/uploads\/2024\/06\/TALLER-BRICOGARDEN-VALENCIA-768x1086.jpg 768w, https:\/\/acudim.org\/wp-content\/uploads\/2024\/06\/TALLER-BRICOGARDEN-VALENCIA-1086x1536.jpg 1086w, https:\/\/acudim.org\/wp-content\/uploads\/2024\/06\/TALLER-BRICOGARDEN-VALENCIA-1448x2048.jpg 1448w, https:\/\/acudim.org\/wp-content\/uploads\/2024\/06\/TALLER-BRICOGARDEN-VALENCIA-8x12.jpg 8w, https:\/\/acudim.org\/wp-content\/uploads\/2024\/06\/TALLER-BRICOGARDEN-VALENCIA.jpg 1655w\" sizes=\"(max-width: 724px) 100vw, 724px\" \/>\t\t\t\t\t\t\t\t\t\t\t\t\t\t\t<\/div>\n\t\t\t\t\t<\/div>\n\t\t<\/div>\n\t\t\t\t\t<\/div>\n\t\t<\/section>\n\t\t\t\t<section class=\"elementor-section elementor-top-section elementor-element elementor-element-d53c1f1 elementor-section-boxed elementor-section-height-default elementor-section-height-default\" data-id=\"d53c1f1\" data-element_type=\"section\" data-e-type=\"section\">\n\t\t\t\t\t\t<div class=\"elementor-container elementor-column-gap-default\">\n\t\t\t\t\t<div class=\"elementor-column elementor-col-100 elementor-top-column elementor-element elementor-element-368277b\" data-id=\"368277b\" data-element_type=\"column\" data-e-type=\"column\">\n\t\t\t<div class=\"elementor-widget-wrap elementor-element-populated\">\n\t\t\t\t\t\t<div data-dce-title-color=\"#141515\" class=\"elementor-element elementor-element-4218e54 elementor-widget elementor-widget-heading\" data-id=\"4218e54\" data-element_type=\"widget\" data-e-type=\"widget\" data-widget_type=\"heading.default\">\n\t\t\t\t\t<h2 class=\"elementor-heading-title elementor-size-default\">Pr\u00f3ximo Taller: BRICOGARDEN <br>\n\u00bfTe apuntas? Realizaremos una manualidad decorativa, para adornar nuestro jard\u00edn o alegrar los rincones de nuestra casa <br>\nD\u00eda 18 de Abril, jueves. <br>\nDe 10:30 a 12:30 h en la Sede de ACUDIM. <br>\nPrioridad PERSONAS ASOCIADAS hasta completar grupo (15 personas). <br>\nActividad gratuita. <br>\nINSCRIPCI\u00d3N PREVIA<br>\nFundaci\u00f3nLaCaixa <br>\nGVA Serveis Socials, Igualtat i Habitatge<br>\nColorins i Papers<br>\n\n\n<\/h2>\t\t\t\t<\/div>\n\t\t\t\t<div class=\"elementor-element elementor-element-5fea085 elementor-widget elementor-widget-spacer\" data-id=\"5fea085\" data-element_type=\"widget\" data-e-type=\"widget\" data-widget_type=\"spacer.default\">\n\t\t\t\t\t\t\t<div class=\"elementor-spacer\">\n\t\t\t<div class=\"elementor-spacer-inner\"><\/div>\n\t\t<\/div>\n\t\t\t\t\t\t<\/div>\n\t\t\t\t\t<\/div>\n\t\t<\/div>\n\t\t\t\t\t<\/div>\n\t\t<\/section>\n\t\t\t\t<section class=\"elementor-section elementor-top-section elementor-element elementor-element-b6f17b1 elementor-section-boxed elementor-section-height-default elementor-section-height-default\" data-id=\"b6f17b1\" data-element_type=\"section\" data-e-type=\"section\">\n\t\t\t\t\t\t<div class=\"elementor-container elementor-column-gap-default\">\n\t\t\t\t\t<div class=\"elementor-column elementor-col-100 elementor-top-column elementor-element elementor-element-cc20603\" data-id=\"cc20603\" data-element_type=\"column\" data-e-type=\"column\">\n\t\t\t<div class=\"elementor-widget-wrap elementor-element-populated\">\n\t\t\t\t\t\t<div class=\"elementor-element elementor-element-a82d69a dce_masking-none elementor-widget elementor-widget-image\" data-id=\"a82d69a\" data-element_type=\"widget\" data-e-type=\"widget\" data-widget_type=\"image.default\">\n\t\t\t\t\t\t\t\t\t\t\t\t\t\t\t<img decoding=\"async\" width=\"509\" height=\"720\" src=\"https:\/\/acudim.org\/wp-content\/uploads\/2024\/06\/BRICOGARDEN-CASTELLANO.jpg\" class=\"attachment-large size-large wp-image-4212\" alt=\"\" srcset=\"https:\/\/acudim.org\/wp-content\/uploads\/2024\/06\/BRICOGARDEN-CASTELLANO.jpg 509w, https:\/\/acudim.org\/wp-content\/uploads\/2024\/06\/BRICOGARDEN-CASTELLANO-212x300.jpg 212w, https:\/\/acudim.org\/wp-content\/uploads\/2024\/06\/BRICOGARDEN-CASTELLANO-8x12.jpg 8w\" sizes=\"(max-width: 509px) 100vw, 509px\" \/>\t\t\t\t\t\t\t\t\t\t\t\t\t\t\t<\/div>\n\t\t\t\t\t<\/div>\n\t\t<\/div>\n\t\t\t\t\t<\/div>\n\t\t<\/section>\n\t\t\t\t<\/div>","protected":false},"excerpt":{"rendered":"<p>Pr\u00f2xim Taller: BRICOGARDEN T&#8217;apuntes? Realitzarem una manualitat decorativa, per a adornar el nostre jard\u00ed o alegrar els racons de la nostra casa Dia 18 d&#8217;Abril, dijous. De 10.30 a 12.30 h en la Seu d\u2019 ACUDIM. Prioritat PERSONES ASSOCIADES fins a completar grup (15 persones). Activitat gratu\u00efta. INSCRIPCI\u00d3 PR\u00c8VIA Fundaci\u00f3nLaCaixa GVA Serveis Socials, Igualtat i [&hellip;]<\/p>\n","protected":false},"author":2,"featured_media":4213,"comment_status":"closed","ping_status":"closed","sticky":false,"template":"","format":"standard","meta":{"footnotes":""},"categories":[11],"tags":[],"class_list":["post-4214","post","type-post","status-publish","format-standard","has-post-thumbnail","hentry","category-tallerscursos"],"yoast_head":"<!-- This site is optimized with the Yoast SEO plugin v27.4 - https:\/\/yoast.com\/product\/yoast-seo-wordpress\/ -->\n<title>BRICOGARDEN - Acudim<\/title>\n<meta name=\"robots\" content=\"index, follow, max-snippet:-1, max-image-preview:large, max-video-preview:-1\" \/>\n<link rel=\"canonical\" href=\"https:\/\/acudim.org\/es\/bricogarden\/\" \/>\n<meta property=\"og:locale\" content=\"es_ES\" \/>\n<meta property=\"og:type\" content=\"article\" \/>\n<meta property=\"og:title\" content=\"BRICOGARDEN - Acudim\" \/>\n<meta property=\"og:description\" content=\"Pr\u00f2xim Taller: BRICOGARDEN T&#8217;apuntes? Realitzarem una manualitat decorativa, per a adornar el nostre jard\u00ed o alegrar els racons de la nostra casa Dia 18 d&#8217;Abril, dijous. De 10.30 a 12.30 h en la Seu d\u2019 ACUDIM. Prioritat PERSONES ASSOCIADES fins a completar grup (15 persones). Activitat gratu\u00efta. INSCRIPCI\u00d3 PR\u00c8VIA Fundaci\u00f3nLaCaixa GVA Serveis Socials, Igualtat i [&hellip;]\" \/>\n<meta property=\"og:url\" content=\"https:\/\/acudim.org\/es\/bricogarden\/\" \/>\n<meta property=\"og:site_name\" content=\"Acudim\" \/>\n<meta property=\"article:published_time\" content=\"2024-04-15T07:00:00+00:00\" \/>\n<meta property=\"article:modified_time\" content=\"2024-06-13T07:05:04+00:00\" \/>\n<meta property=\"og:image\" content=\"https:\/\/acudim.org\/wp-content\/uploads\/2024\/06\/TALLER-BRICOGARDEN-VALENCIA.jpg\" \/>\n\t<meta property=\"og:image:width\" content=\"1655\" \/>\n\t<meta property=\"og:image:height\" content=\"2340\" \/>\n\t<meta property=\"og:image:type\" content=\"image\/jpeg\" \/>\n<meta name=\"author\" content=\"Acudim\" \/>\n<meta name=\"twitter:card\" content=\"summary_large_image\" \/>\n<meta name=\"twitter:label1\" content=\"Escrito por\" \/>\n\t<meta name=\"twitter:data1\" content=\"Acudim\" \/>\n\t<meta name=\"twitter:label2\" content=\"Tiempo de lectura\" \/>\n\t<meta name=\"twitter:data2\" content=\"1 minuto\" \/>\n<script type=\"application\/ld+json\" class=\"yoast-schema-graph\">{\"@context\":\"https:\\\/\\\/schema.org\",\"@graph\":[{\"@type\":\"Article\",\"@id\":\"https:\\\/\\\/acudim.org\\\/bricogarden\\\/#article\",\"isPartOf\":{\"@id\":\"https:\\\/\\\/acudim.org\\\/bricogarden\\\/\"},\"author\":{\"name\":\"Acudim\",\"@id\":\"https:\\\/\\\/acudim.org\\\/es\\\/#\\\/schema\\\/person\\\/aadfc6a432755f75cad488d02babf98f\"},\"headline\":\"BRICOGARDEN\",\"datePublished\":\"2024-04-15T07:00:00+00:00\",\"dateModified\":\"2024-06-13T07:05:04+00:00\",\"mainEntityOfPage\":{\"@id\":\"https:\\\/\\\/acudim.org\\\/bricogarden\\\/\"},\"wordCount\":120,\"publisher\":{\"@id\":\"https:\\\/\\\/acudim.org\\\/es\\\/#organization\"},\"image\":{\"@id\":\"https:\\\/\\\/acudim.org\\\/bricogarden\\\/#primaryimage\"},\"thumbnailUrl\":\"https:\\\/\\\/acudim.org\\\/wp-content\\\/uploads\\\/2024\\\/06\\\/TALLER-BRICOGARDEN-VALENCIA.jpg\",\"articleSection\":[\"Tallers i cursos\"],\"inLanguage\":\"es\"},{\"@type\":\"WebPage\",\"@id\":\"https:\\\/\\\/acudim.org\\\/bricogarden\\\/\",\"url\":\"https:\\\/\\\/acudim.org\\\/bricogarden\\\/\",\"name\":\"BRICOGARDEN - Acudim\",\"isPartOf\":{\"@id\":\"https:\\\/\\\/acudim.org\\\/es\\\/#website\"},\"primaryImageOfPage\":{\"@id\":\"https:\\\/\\\/acudim.org\\\/bricogarden\\\/#primaryimage\"},\"image\":{\"@id\":\"https:\\\/\\\/acudim.org\\\/bricogarden\\\/#primaryimage\"},\"thumbnailUrl\":\"https:\\\/\\\/acudim.org\\\/wp-content\\\/uploads\\\/2024\\\/06\\\/TALLER-BRICOGARDEN-VALENCIA.jpg\",\"datePublished\":\"2024-04-15T07:00:00+00:00\",\"dateModified\":\"2024-06-13T07:05:04+00:00\",\"breadcrumb\":{\"@id\":\"https:\\\/\\\/acudim.org\\\/bricogarden\\\/#breadcrumb\"},\"inLanguage\":\"es\",\"potentialAction\":[{\"@type\":\"ReadAction\",\"target\":[\"https:\\\/\\\/acudim.org\\\/bricogarden\\\/\"]}]},{\"@type\":\"ImageObject\",\"inLanguage\":\"es\",\"@id\":\"https:\\\/\\\/acudim.org\\\/bricogarden\\\/#primaryimage\",\"url\":\"https:\\\/\\\/acudim.org\\\/wp-content\\\/uploads\\\/2024\\\/06\\\/TALLER-BRICOGARDEN-VALENCIA.jpg\",\"contentUrl\":\"https:\\\/\\\/acudim.org\\\/wp-content\\\/uploads\\\/2024\\\/06\\\/TALLER-BRICOGARDEN-VALENCIA.jpg\",\"width\":1655,\"height\":2340},{\"@type\":\"BreadcrumbList\",\"@id\":\"https:\\\/\\\/acudim.org\\\/bricogarden\\\/#breadcrumb\",\"itemListElement\":[{\"@type\":\"ListItem\",\"position\":1,\"name\":\"Portada\",\"item\":\"https:\\\/\\\/acudim.org\\\/es\\\/\"},{\"@type\":\"ListItem\",\"position\":2,\"name\":\"BRICOGARDEN\"}]},{\"@type\":\"WebSite\",\"@id\":\"https:\\\/\\\/acudim.org\\\/es\\\/#website\",\"url\":\"https:\\\/\\\/acudim.org\\\/es\\\/\",\"name\":\"Acudim\",\"description\":\"ASSOCIACI\u00d3 COL\u00b7LECTIU-UNI\u00d3 D\u2019INTEGRACI\u00d3 Al DISCAPACITAT\",\"publisher\":{\"@id\":\"https:\\\/\\\/acudim.org\\\/es\\\/#organization\"},\"potentialAction\":[{\"@type\":\"SearchAction\",\"target\":{\"@type\":\"EntryPoint\",\"urlTemplate\":\"https:\\\/\\\/acudim.org\\\/es\\\/?s={search_term_string}\"},\"query-input\":{\"@type\":\"PropertyValueSpecification\",\"valueRequired\":true,\"valueName\":\"search_term_string\"}}],\"inLanguage\":\"es\"},{\"@type\":\"Organization\",\"@id\":\"https:\\\/\\\/acudim.org\\\/es\\\/#organization\",\"name\":\"Acudim\",\"url\":\"https:\\\/\\\/acudim.org\\\/es\\\/\",\"logo\":{\"@type\":\"ImageObject\",\"inLanguage\":\"es\",\"@id\":\"https:\\\/\\\/acudim.org\\\/es\\\/#\\\/schema\\\/logo\\\/image\\\/\",\"url\":\"https:\\\/\\\/acudim.org\\\/wp-content\\\/uploads\\\/2024\\\/05\\\/Logo-Nuevo-VLC.jpg\",\"contentUrl\":\"https:\\\/\\\/acudim.org\\\/wp-content\\\/uploads\\\/2024\\\/05\\\/Logo-Nuevo-VLC.jpg\",\"width\":642,\"height\":240,\"caption\":\"Acudim\"},\"image\":{\"@id\":\"https:\\\/\\\/acudim.org\\\/es\\\/#\\\/schema\\\/logo\\\/image\\\/\"}},{\"@type\":\"Person\",\"@id\":\"https:\\\/\\\/acudim.org\\\/es\\\/#\\\/schema\\\/person\\\/aadfc6a432755f75cad488d02babf98f\",\"name\":\"Acudim\",\"image\":{\"@type\":\"ImageObject\",\"inLanguage\":\"es\",\"@id\":\"https:\\\/\\\/secure.gravatar.com\\\/avatar\\\/e007a85f5948bd9b051535f8722408be7c3e2de702b28442e287e0cd706def87?s=96&d=mm&r=g\",\"url\":\"https:\\\/\\\/secure.gravatar.com\\\/avatar\\\/e007a85f5948bd9b051535f8722408be7c3e2de702b28442e287e0cd706def87?s=96&d=mm&r=g\",\"contentUrl\":\"https:\\\/\\\/secure.gravatar.com\\\/avatar\\\/e007a85f5948bd9b051535f8722408be7c3e2de702b28442e287e0cd706def87?s=96&d=mm&r=g\",\"caption\":\"Acudim\"},\"description\":\"1\",\"url\":\"https:\\\/\\\/acudim.org\\\/es\\\/author\\\/isabel\\\/\"}]}<\/script>\n<!-- \/ Yoast SEO plugin. -->","yoast_head_json":{"title":"BRICOGARDEN - Acudim","robots":{"index":"index","follow":"follow","max-snippet":"max-snippet:-1","max-image-preview":"max-image-preview:large","max-video-preview":"max-video-preview:-1"},"canonical":"https:\/\/acudim.org\/es\/bricogarden\/","og_locale":"es_ES","og_type":"article","og_title":"BRICOGARDEN - Acudim","og_description":"Pr\u00f2xim Taller: BRICOGARDEN T&#8217;apuntes? Realitzarem una manualitat decorativa, per a adornar el nostre jard\u00ed o alegrar els racons de la nostra casa Dia 18 d&#8217;Abril, dijous. De 10.30 a 12.30 h en la Seu d\u2019 ACUDIM. Prioritat PERSONES ASSOCIADES fins a completar grup (15 persones). Activitat gratu\u00efta. INSCRIPCI\u00d3 PR\u00c8VIA Fundaci\u00f3nLaCaixa GVA Serveis Socials, Igualtat i [&hellip;]","og_url":"https:\/\/acudim.org\/es\/bricogarden\/","og_site_name":"Acudim","article_published_time":"2024-04-15T07:00:00+00:00","article_modified_time":"2024-06-13T07:05:04+00:00","og_image":[{"width":1655,"height":2340,"url":"https:\/\/acudim.org\/wp-content\/uploads\/2024\/06\/TALLER-BRICOGARDEN-VALENCIA.jpg","type":"image\/jpeg"}],"author":"Acudim","twitter_card":"summary_large_image","twitter_misc":{"Escrito por":"Acudim","Tiempo de lectura":"1 minuto"},"schema":{"@context":"https:\/\/schema.org","@graph":[{"@type":"Article","@id":"https:\/\/acudim.org\/bricogarden\/#article","isPartOf":{"@id":"https:\/\/acudim.org\/bricogarden\/"},"author":{"name":"Acudim","@id":"https:\/\/acudim.org\/es\/#\/schema\/person\/aadfc6a432755f75cad488d02babf98f"},"headline":"BRICOGARDEN","datePublished":"2024-04-15T07:00:00+00:00","dateModified":"2024-06-13T07:05:04+00:00","mainEntityOfPage":{"@id":"https:\/\/acudim.org\/bricogarden\/"},"wordCount":120,"publisher":{"@id":"https:\/\/acudim.org\/es\/#organization"},"image":{"@id":"https:\/\/acudim.org\/bricogarden\/#primaryimage"},"thumbnailUrl":"https:\/\/acudim.org\/wp-content\/uploads\/2024\/06\/TALLER-BRICOGARDEN-VALENCIA.jpg","articleSection":["Tallers i cursos"],"inLanguage":"es"},{"@type":"WebPage","@id":"https:\/\/acudim.org\/bricogarden\/","url":"https:\/\/acudim.org\/bricogarden\/","name":"BRICOGARDEN - Acudim","isPartOf":{"@id":"https:\/\/acudim.org\/es\/#website"},"primaryImageOfPage":{"@id":"https:\/\/acudim.org\/bricogarden\/#primaryimage"},"image":{"@id":"https:\/\/acudim.org\/bricogarden\/#primaryimage"},"thumbnailUrl":"https:\/\/acudim.org\/wp-content\/uploads\/2024\/06\/TALLER-BRICOGARDEN-VALENCIA.jpg","datePublished":"2024-04-15T07:00:00+00:00","dateModified":"2024-06-13T07:05:04+00:00","breadcrumb":{"@id":"https:\/\/acudim.org\/bricogarden\/#breadcrumb"},"inLanguage":"es","potentialAction":[{"@type":"ReadAction","target":["https:\/\/acudim.org\/bricogarden\/"]}]},{"@type":"ImageObject","inLanguage":"es","@id":"https:\/\/acudim.org\/bricogarden\/#primaryimage","url":"https:\/\/acudim.org\/wp-content\/uploads\/2024\/06\/TALLER-BRICOGARDEN-VALENCIA.jpg","contentUrl":"https:\/\/acudim.org\/wp-content\/uploads\/2024\/06\/TALLER-BRICOGARDEN-VALENCIA.jpg","width":1655,"height":2340},{"@type":"BreadcrumbList","@id":"https:\/\/acudim.org\/bricogarden\/#breadcrumb","itemListElement":[{"@type":"ListItem","position":1,"name":"Portada","item":"https:\/\/acudim.org\/es\/"},{"@type":"ListItem","position":2,"name":"BRICOGARDEN"}]},{"@type":"WebSite","@id":"https:\/\/acudim.org\/es\/#website","url":"https:\/\/acudim.org\/es\/","name":"Acudim","description":"ASSOCIACI\u00d3 COL\u00b7LECTIU-UNI\u00d3 D\u2019INTEGRACI\u00d3 Al DISCAPACITAT","publisher":{"@id":"https:\/\/acudim.org\/es\/#organization"},"potentialAction":[{"@type":"SearchAction","target":{"@type":"EntryPoint","urlTemplate":"https:\/\/acudim.org\/es\/?s={search_term_string}"},"query-input":{"@type":"PropertyValueSpecification","valueRequired":true,"valueName":"search_term_string"}}],"inLanguage":"es"},{"@type":"Organization","@id":"https:\/\/acudim.org\/es\/#organization","name":"Acudim","url":"https:\/\/acudim.org\/es\/","logo":{"@type":"ImageObject","inLanguage":"es","@id":"https:\/\/acudim.org\/es\/#\/schema\/logo\/image\/","url":"https:\/\/acudim.org\/wp-content\/uploads\/2024\/05\/Logo-Nuevo-VLC.jpg","contentUrl":"https:\/\/acudim.org\/wp-content\/uploads\/2024\/05\/Logo-Nuevo-VLC.jpg","width":642,"height":240,"caption":"Acudim"},"image":{"@id":"https:\/\/acudim.org\/es\/#\/schema\/logo\/image\/"}},{"@type":"Person","@id":"https:\/\/acudim.org\/es\/#\/schema\/person\/aadfc6a432755f75cad488d02babf98f","name":"Acudim","image":{"@type":"ImageObject","inLanguage":"es","@id":"https:\/\/secure.gravatar.com\/avatar\/e007a85f5948bd9b051535f8722408be7c3e2de702b28442e287e0cd706def87?s=96&d=mm&r=g","url":"https:\/\/secure.gravatar.com\/avatar\/e007a85f5948bd9b051535f8722408be7c3e2de702b28442e287e0cd706def87?s=96&d=mm&r=g","contentUrl":"https:\/\/secure.gravatar.com\/avatar\/e007a85f5948bd9b051535f8722408be7c3e2de702b28442e287e0cd706def87?s=96&d=mm&r=g","caption":"Acudim"},"description":"1","url":"https:\/\/acudim.org\/es\/author\/isabel\/"}]}},"_links":{"self":[{"href":"https:\/\/acudim.org\/es\/wp-json\/wp\/v2\/posts\/4214","targetHints":{"allow":["GET"]}}],"collection":[{"href":"https:\/\/acudim.org\/es\/wp-json\/wp\/v2\/posts"}],"about":[{"href":"https:\/\/acudim.org\/es\/wp-json\/wp\/v2\/types\/post"}],"author":[{"embeddable":true,"href":"https:\/\/acudim.org\/es\/wp-json\/wp\/v2\/users\/2"}],"replies":[{"embeddable":true,"href":"https:\/\/acudim.org\/es\/wp-json\/wp\/v2\/comments?post=4214"}],"version-history":[{"count":3,"href":"https:\/\/acudim.org\/es\/wp-json\/wp\/v2\/posts\/4214\/revisions"}],"predecessor-version":[{"id":4218,"href":"https:\/\/acudim.org\/es\/wp-json\/wp\/v2\/posts\/4214\/revisions\/4218"}],"wp:featuredmedia":[{"embeddable":true,"href":"https:\/\/acudim.org\/es\/wp-json\/wp\/v2\/media\/4213"}],"wp:attachment":[{"href":"https:\/\/acudim.org\/es\/wp-json\/wp\/v2\/media?parent=4214"}],"wp:term":[{"taxonomy":"category","embeddable":true,"href":"https:\/\/acudim.org\/es\/wp-json\/wp\/v2\/categories?post=4214"},{"taxonomy":"post_tag","embeddable":true,"href":"https:\/\/acudim.org\/es\/wp-json\/wp\/v2\/tags?post=4214"}],"curies":[{"name":"wp","href":"https:\/\/api.w.org\/{rel}","templated":true}]}}